{"id":68,"date":"2020-10-18T15:08:13","date_gmt":"2020-10-18T15:08:13","guid":{"rendered":"http:\/\/ayana.ro\/?p=68"},"modified":"2020-10-18T15:08:16","modified_gmt":"2020-10-18T15:08:16","slug":"salata-de-cuscus","status":"publish","type":"post","link":"http:\/\/ayana.ro\/index.php\/2020\/10\/18\/salata-de-cuscus\/","title":{"rendered":"Salat\u0103 de cu\u0219cu\u0219"},"content":{"rendered":"\n<p>Am revenit cu o nou\u0103 re\u021bet\u0103! Sper s\u0103 v\u0103 plac\u0103 aceast\u0103 re\u021bet\u0103!&#x1f60a;&#x1f44b;<\/p>\n\n\n\n<p><strong>Dificultate:<\/strong>&nbsp;redus\u0103&nbsp; &nbsp; &nbsp;&nbsp;<\/p>\n\n\n\n<div class=\"wp-block-image\"><figure class=\"alignright\"><a href=\"https:\/\/1.bp.blogspot.com\/-NpFkiohsfmw\/X4xP-sAowHI\/AAAAAAAAGt8\/E1ZQKV8Zd5MvsLF2enz1KHmsbPDeLrCvwCPcBGAYYCw\/s840\/image.png\"><img src=\"https:\/\/1.bp.blogspot.com\/-NpFkiohsfmw\/X4xP-sAowHI\/AAAAAAAAGt8\/E1ZQKV8Zd5MvsLF2enz1KHmsbPDeLrCvwCPcBGAYYCw\/s320\/image.png\" alt=\"\"\/><\/a><\/figure><\/div>\n\n\n\n<p><strong>Preparare:<\/strong>&nbsp;25 min<\/p>\n\n\n\n<p><strong>Fierbere:<\/strong>\u00a020 min<\/p>\n\n\n\n<p><strong>A\u0219teptare:<\/strong>\u00a05 min<\/p>\n\n\n\n<p><strong>Por\u021bi:<\/strong>\u00a02-4<\/p>\n\n\n\n<p><strong>Ingrediente:<\/strong><\/p>\n\n\n\n<ul><li>150 g cu\u0219cu\u0219<\/li><li>o ceap\u0103<\/li><li>3 linguri de ulei<\/li><li>un ardei gras ro\u0219u<\/li><li>2 castrave\u021bi<\/li><li>4-5 linguri n\u0103ut fiert<\/li><li>6-8 ro\u0219i cherry<\/li><li>357 ml sup\u0103 de legume<\/li><li>Un c\u0103\u021bel de usturoi<\/li><li>1\\2 linguri\u021be de coriandru<\/li><li>sare<\/li><li>piper<\/li><\/ul>\n\n\n\n<p><strong>Preparare:<\/strong><br>1. \u00centr-o tigaie \u00eenc\u0103p\u0103toare se c\u0103le\u0219te ceapa \u0219i, dupa&nbsp; ce aceasta s-a \u00eenmuiat, se adaug\u0103: usturoiul, coriandul, sarea \u0219i p\u0103iperul. Se las\u0103 2 min \u0219i apoi se toarn\u0103 supa. Se pune cu\u0219cu\u0219ul, se amestec\u0103, se acoper\u0103, se trage de pe foc \u0219i se lkas\u0103 a\u0219a 5 min. Apoi cu o furculi\u021b\u0103 se amestec\u0103 pentru a desface cu\u0219cu\u0219ul.<br>2. \u00centr-un castron se pun castrave\u021bi \u0219i ardeiul gras t\u0103iate c\u00e2t mai m\u0103runt, ro\u0219iile la fel \u0219i cu n\u0103utul.<br>3. Se adaug\u0103 cu\u0219cu\u0219ul umflat, se amestec\u0103 u\u0219or \u0219i se condimenteaz\u0103 dup\u0103 gust. Se poate servi imediat dup\u0103 ce l-a\u021bi luat de pe foc sau se mai poate servi dup\u0103 ce a stat 30 min la frigider.<br>Sper c\u0103 te-am ajutat s\u0103 faci aceast\u0103 re\u021bet\u0103 delicioas\u0103! Pa, pa!&#x1f64b;&#x1f63b;<\/p>\n","protected":false},"excerpt":{"rendered":"<p>Am revenit cu o nou\u0103 re\u021bet\u0103! Sper s\u0103 v\u0103 plac\u0103 aceast\u0103 re\u021bet\u0103!&#x1f60a;&#x1f44b; Dificultate:&nbsp;redus\u0103&nbsp; &nbsp; &nbsp;&nbsp; Preparare:&nbsp;25 min Fierbere:\u00a020 min A\u0219teptare:\u00a05 min Por\u021bi:\u00a02-4 Ingrediente: 150 g cu\u0219cu\u0219 o ceap\u0103 3 linguri&#8230; <a class=\"read-more\" href=\"http:\/\/ayana.ro\/index.php\/2020\/10\/18\/salata-de-cuscus\/\">[Continu\u0103 lectura]<\/a><\/p>\n","protected":false},"author":1,"featured_media":0,"comment_status":"open","ping_status":"open","sticky":false,"template":"","format":"standard","meta":[],"categories":[1],"tags":[18,19,20,21,23,24,25,26,22],"yoast_head":"<!-- This site is optimized with the Yoast SEO plugin v15.2.1 - https:\/\/yoast.com\/wordpress\/plugins\/seo\/ -->\n<title>Salat\u0103 de cu\u0219cu\u0219 - Ayana&#039;s Diary<\/title>\n<meta name=\"robots\" content=\"index, follow, max-snippet:-1, max-image-preview:large, max-video-preview:-1\" \/>\n<link rel=\"canonical\" href=\"https:\/\/ayana.ro\/index.php\/2020\/10\/18\/salata-de-cuscus\/\" \/>\n<meta property=\"og:locale\" content=\"ro_RO\" \/>\n<meta property=\"og:type\" content=\"article\" \/>\n<meta property=\"og:title\" content=\"Salat\u0103 de cu\u0219cu\u0219 - Ayana&#039;s Diary\" \/>\n<meta property=\"og:description\" content=\"Am revenit cu o nou\u0103 re\u021bet\u0103! Sper s\u0103 v\u0103 plac\u0103 aceast\u0103 re\u021bet\u0103!&#x1f60a;&#x1f44b; Dificultate:&nbsp;redus\u0103&nbsp; &nbsp; &nbsp;&nbsp; Preparare:&nbsp;25 min Fierbere:\u00a020 min A\u0219teptare:\u00a05 min Por\u021bi:\u00a02-4 Ingrediente: 150 g cu\u0219cu\u0219 o ceap\u0103 3 linguri... [Continu\u0103 lectura]\" \/>\n<meta property=\"og:url\" content=\"https:\/\/ayana.ro\/index.php\/2020\/10\/18\/salata-de-cuscus\/\" \/>\n<meta property=\"og:site_name\" content=\"Ayana&#039;s Diary\" \/>\n<meta property=\"article:published_time\" content=\"2020-10-18T15:08:13+00:00\" \/>\n<meta property=\"article:modified_time\" content=\"2020-10-18T15:08:16+00:00\" \/>\n<meta property=\"og:image\" content=\"https:\/\/1.bp.blogspot.com\/-NpFkiohsfmw\/X4xP-sAowHI\/AAAAAAAAGt8\/E1ZQKV8Zd5MvsLF2enz1KHmsbPDeLrCvwCPcBGAYYCw\/s320\/image.png\" \/>\n<meta name=\"twitter:card\" content=\"summary_large_image\" \/>\n<meta name=\"twitter:label1\" content=\"Scris de\">\n\t<meta name=\"twitter:data1\" content=\"Ayana Nistor\">\n\t<meta name=\"twitter:label2\" content=\"Timp estimat pentru citire\">\n\t<meta name=\"twitter:data2\" content=\"1 minut\">\n<script type=\"application\/ld+json\" class=\"yoast-schema-graph\">{\"@context\":\"https:\/\/schema.org\",\"@graph\":[{\"@type\":\"WebSite\",\"@id\":\"https:\/\/ayana.ro\/#website\",\"url\":\"https:\/\/ayana.ro\/\",\"name\":\"Ayana&#039;s Diary\",\"description\":\"Face\\u021bi tot ce fac \\u0219i eu\",\"potentialAction\":[{\"@type\":\"SearchAction\",\"target\":\"https:\/\/ayana.ro\/?s={search_term_string}\",\"query-input\":\"required name=search_term_string\"}],\"inLanguage\":\"ro-RO\"},{\"@type\":\"ImageObject\",\"@id\":\"https:\/\/ayana.ro\/index.php\/2020\/10\/18\/salata-de-cuscus\/#primaryimage\",\"inLanguage\":\"ro-RO\",\"url\":\"https:\/\/1.bp.blogspot.com\/-NpFkiohsfmw\/X4xP-sAowHI\/AAAAAAAAGt8\/E1ZQKV8Zd5MvsLF2enz1KHmsbPDeLrCvwCPcBGAYYCw\/s320\/image.png\"},{\"@type\":\"WebPage\",\"@id\":\"https:\/\/ayana.ro\/index.php\/2020\/10\/18\/salata-de-cuscus\/#webpage\",\"url\":\"https:\/\/ayana.ro\/index.php\/2020\/10\/18\/salata-de-cuscus\/\",\"name\":\"Salat\\u0103 de cu\\u0219cu\\u0219 - Ayana&#039;s Diary\",\"isPartOf\":{\"@id\":\"https:\/\/ayana.ro\/#website\"},\"primaryImageOfPage\":{\"@id\":\"https:\/\/ayana.ro\/index.php\/2020\/10\/18\/salata-de-cuscus\/#primaryimage\"},\"datePublished\":\"2020-10-18T15:08:13+00:00\",\"dateModified\":\"2020-10-18T15:08:16+00:00\",\"author\":{\"@id\":\"https:\/\/ayana.ro\/#\/schema\/person\/f124c119913a395d2a6bada992f6054d\"},\"inLanguage\":\"ro-RO\",\"potentialAction\":[{\"@type\":\"ReadAction\",\"target\":[\"https:\/\/ayana.ro\/index.php\/2020\/10\/18\/salata-de-cuscus\/\"]}]},{\"@type\":\"Person\",\"@id\":\"https:\/\/ayana.ro\/#\/schema\/person\/f124c119913a395d2a6bada992f6054d\",\"name\":\"Ayana Nistor\",\"image\":{\"@type\":\"ImageObject\",\"@id\":\"https:\/\/ayana.ro\/#personlogo\",\"inLanguage\":\"ro-RO\",\"url\":\"http:\/\/1.gravatar.com\/avatar\/d5115497b756438e9266fde697578498?s=96&d=mm&r=g\",\"caption\":\"Ayana Nistor\"},\"sameAs\":[\"http:\/\/www.ayana.ro\"]}]}<\/script>\n<!-- \/ Yoast SEO plugin. -->","_links":{"self":[{"href":"http:\/\/ayana.ro\/index.php\/wp-json\/wp\/v2\/posts\/68"}],"collection":[{"href":"http:\/\/ayana.ro\/index.php\/wp-json\/wp\/v2\/posts"}],"about":[{"href":"http:\/\/ayana.ro\/index.php\/wp-json\/wp\/v2\/types\/post"}],"author":[{"embeddable":true,"href":"http:\/\/ayana.ro\/index.php\/wp-json\/wp\/v2\/users\/1"}],"replies":[{"embeddable":true,"href":"http:\/\/ayana.ro\/index.php\/wp-json\/wp\/v2\/comments?post=68"}],"version-history":[{"count":2,"href":"http:\/\/ayana.ro\/index.php\/wp-json\/wp\/v2\/posts\/68\/revisions"}],"predecessor-version":[{"id":70,"href":"http:\/\/ayana.ro\/index.php\/wp-json\/wp\/v2\/posts\/68\/revisions\/70"}],"wp:attachment":[{"href":"http:\/\/ayana.ro\/index.php\/wp-json\/wp\/v2\/media?parent=68"}],"wp:term":[{"taxonomy":"category","embeddable":true,"href":"http:\/\/ayana.ro\/index.php\/wp-json\/wp\/v2\/categories?post=68"},{"taxonomy":"post_tag","embeddable":true,"href":"http:\/\/ayana.ro\/index.php\/wp-json\/wp\/v2\/tags?post=68"}],"curies":[{"name":"wp","href":"https:\/\/api.w.org\/{rel}","templated":true}]}}